{"id":10985,"date":"2020-03-05T12:56:47","date_gmt":"2020-03-05T11:56:47","guid":{"rendered":"https:\/\/www.gmj.si\/?p=10985"},"modified":"2020-03-05T14:37:06","modified_gmt":"2020-03-05T13:37:06","slug":"12-marec-ob-17-uri-mavricnost-kulture-in-kulinarike-jesenic-muzej-kosova-grascina","status":"publish","type":"post","link":"https:\/\/www.gmj.si\/en\/12-marec-ob-17-uri-mavricnost-kulture-in-kulinarike-jesenic-muzej-kosova-grascina\/","title":{"rendered":"12. marec ob 17.  uri: Mavri\u010dnost kulture in kulinarike Jesenic; Muzej Kosova gra\u0161\u010dina"},"content":{"rendered":"<p><img decoding=\"async\" class=\"alignnone size-full wp-image-10986\" src=\"https:\/\/www.gmj.si\/wp-content\/uploads\/2020\/03\/MAVRICNOST_plakat_jpg-scaled.jpg\" alt=\"\" width=\"1800\" height=\"2560\" srcset=\"https:\/\/www.gmj.si\/wp-content\/uploads\/2020\/03\/MAVRICNOST_plakat_jpg-200x284.jpg 200w, https:\/\/www.gmj.si\/wp-content\/uploads\/2020\/03\/MAVRICNOST_plakat_jpg-211x300.jpg 211w, https:\/\/www.gmj.si\/wp-content\/uploads\/2020\/03\/MAVRICNOST_plakat_jpg-400x569.jpg 400w, https:\/\/www.gmj.si\/wp-content\/uploads\/2020\/03\/MAVRICNOST_plakat_jpg-scaled-500x711.jpg 500w, https:\/\/www.gmj.si\/wp-content\/uploads\/2020\/03\/MAVRICNOST_plakat_jpg-600x853.jpg 600w, https:\/\/www.gmj.si\/wp-content\/uploads\/2020\/03\/MAVRICNOST_plakat_jpg-720x1024.jpg 720w, https:\/\/www.gmj.si\/wp-content\/uploads\/2020\/03\/MAVRICNOST_plakat_jpg-768x1092.jpg 768w, https:\/\/www.gmj.si\/wp-content\/uploads\/2020\/03\/MAVRICNOST_plakat_jpg-800x1138.jpg 800w, https:\/\/www.gmj.si\/wp-content\/uploads\/2020\/03\/MAVRICNOST_plakat_jpg-1080x1536.jpg 1080w, https:\/\/www.gmj.si\/wp-content\/uploads\/2020\/03\/MAVRICNOST_plakat_jpg-1200x1707.jpg 1200w, https:\/\/www.gmj.si\/wp-content\/uploads\/2020\/03\/MAVRICNOST_plakat_jpg-1440x2048.jpg 1440w, https:\/\/www.gmj.si\/wp-content\/uploads\/2020\/03\/MAVRICNOST_plakat_jpg-scaled.jpg 1800w\" sizes=\"(max-width: 1800px) 100vw, 1800px\" \/><\/p>\n","protected":false},"excerpt":{"rendered":"","protected":false},"author":2,"featured_media":10989,"comment_status":"closed","ping_status":"open","sticky":false,"template":"","format":"standard","meta":{"footnotes":""},"categories":[106,47],"tags":[],"class_list":["post-10985","post","type-post","status-publish","format-standard","has-post-thumbnail","hentry","category-gornjesavski-muzej-jesenice-en","category-uncategorized"],"yoast_head":"<!-- This site is optimized with the Yoast SEO plugin v27.4 - https:\/\/yoast.com\/product\/yoast-seo-wordpress\/ -->\n<title>12. marec ob 17. uri: Mavri\u010dnost kulture in kulinarike Jesenic; Muzej Kosova gra\u0161\u010dina - Gornjesavski muzej Jesenice<\/title>\n<meta name=\"robots\" content=\"index, follow, max-snippet:-1, max-image-preview:large, max-video-preview:-1\" \/>\n<link rel=\"canonical\" href=\"https:\/\/www.gmj.si\/en\/12-marec-ob-17-uri-mavricnost-kulture-in-kulinarike-jesenic-muzej-kosova-grascina\/\" \/>\n<meta property=\"og:locale\" content=\"en_US\" \/>\n<meta property=\"og:type\" content=\"article\" \/>\n<meta property=\"og:title\" content=\"12. marec ob 17. uri: Mavri\u010dnost kulture in kulinarike Jesenic; Muzej Kosova gra\u0161\u010dina - Gornjesavski muzej Jesenice\" \/>\n<meta property=\"og:url\" content=\"https:\/\/www.gmj.si\/en\/12-marec-ob-17-uri-mavricnost-kulture-in-kulinarike-jesenic-muzej-kosova-grascina\/\" \/>\n<meta property=\"og:site_name\" content=\"Gornjesavski muzej Jesenice\" \/>\n<meta property=\"article:publisher\" content=\"https:\/\/www.facebook.com\/GMJesenice\/\" \/>\n<meta property=\"article:published_time\" content=\"2020-03-05T11:56:47+00:00\" \/>\n<meta property=\"article:modified_time\" content=\"2020-03-05T13:37:06+00:00\" \/>\n<meta property=\"og:image\" content=\"https:\/\/www.gmj.si\/wp-content\/uploads\/2020\/03\/Mavricnost_vabilo_Ss.jpg\" \/>\n\t<meta property=\"og:image:width\" content=\"1638\" \/>\n\t<meta property=\"og:image:height\" content=\"1092\" \/>\n\t<meta property=\"og:image:type\" content=\"image\/jpeg\" \/>\n<meta name=\"author\" content=\"urednik\" \/>\n<meta name=\"twitter:card\" content=\"summary_large_image\" \/>\n<meta name=\"twitter:label1\" content=\"Written by\" \/>\n\t<meta name=\"twitter:data1\" content=\"urednik\" \/>\n<script type=\"application\/ld+json\" class=\"yoast-schema-graph\">{\"@context\":\"https:\\\/\\\/schema.org\",\"@graph\":[{\"@type\":\"Article\",\"@id\":\"https:\\\/\\\/www.gmj.si\\\/en\\\/12-marec-ob-17-uri-mavricnost-kulture-in-kulinarike-jesenic-muzej-kosova-grascina\\\/#article\",\"isPartOf\":{\"@id\":\"https:\\\/\\\/www.gmj.si\\\/en\\\/12-marec-ob-17-uri-mavricnost-kulture-in-kulinarike-jesenic-muzej-kosova-grascina\\\/\"},\"author\":{\"name\":\"urednik\",\"@id\":\"https:\\\/\\\/www.gmj.si\\\/#\\\/schema\\\/person\\\/97941f4b36a3e2242fea3d95747cff87\"},\"headline\":\"12. marec ob 17. uri: Mavri\u010dnost kulture in kulinarike Jesenic; Muzej Kosova gra\u0161\u010dina\",\"datePublished\":\"2020-03-05T11:56:47+00:00\",\"dateModified\":\"2020-03-05T13:37:06+00:00\",\"mainEntityOfPage\":{\"@id\":\"https:\\\/\\\/www.gmj.si\\\/en\\\/12-marec-ob-17-uri-mavricnost-kulture-in-kulinarike-jesenic-muzej-kosova-grascina\\\/\"},\"wordCount\":13,\"publisher\":{\"@id\":\"https:\\\/\\\/www.gmj.si\\\/#organization\"},\"image\":{\"@id\":\"https:\\\/\\\/www.gmj.si\\\/en\\\/12-marec-ob-17-uri-mavricnost-kulture-in-kulinarike-jesenic-muzej-kosova-grascina\\\/#primaryimage\"},\"thumbnailUrl\":\"https:\\\/\\\/www.gmj.si\\\/wp-content\\\/uploads\\\/2020\\\/03\\\/Mavricnost_vabilo_Ss.jpg\",\"articleSection\":[\"Gornjesavski muzej Jesenice\",\"Nekategorizirano\"],\"inLanguage\":\"en-US\"},{\"@type\":\"WebPage\",\"@id\":\"https:\\\/\\\/www.gmj.si\\\/en\\\/12-marec-ob-17-uri-mavricnost-kulture-in-kulinarike-jesenic-muzej-kosova-grascina\\\/\",\"url\":\"https:\\\/\\\/www.gmj.si\\\/en\\\/12-marec-ob-17-uri-mavricnost-kulture-in-kulinarike-jesenic-muzej-kosova-grascina\\\/\",\"name\":\"12. marec ob 17. uri: Mavri\u010dnost kulture in kulinarike Jesenic; Muzej Kosova gra\u0161\u010dina - Gornjesavski muzej Jesenice\",\"isPartOf\":{\"@id\":\"https:\\\/\\\/www.gmj.si\\\/#website\"},\"primaryImageOfPage\":{\"@id\":\"https:\\\/\\\/www.gmj.si\\\/en\\\/12-marec-ob-17-uri-mavricnost-kulture-in-kulinarike-jesenic-muzej-kosova-grascina\\\/#primaryimage\"},\"image\":{\"@id\":\"https:\\\/\\\/www.gmj.si\\\/en\\\/12-marec-ob-17-uri-mavricnost-kulture-in-kulinarike-jesenic-muzej-kosova-grascina\\\/#primaryimage\"},\"thumbnailUrl\":\"https:\\\/\\\/www.gmj.si\\\/wp-content\\\/uploads\\\/2020\\\/03\\\/Mavricnost_vabilo_Ss.jpg\",\"datePublished\":\"2020-03-05T11:56:47+00:00\",\"dateModified\":\"2020-03-05T13:37:06+00:00\",\"breadcrumb\":{\"@id\":\"https:\\\/\\\/www.gmj.si\\\/en\\\/12-marec-ob-17-uri-mavricnost-kulture-in-kulinarike-jesenic-muzej-kosova-grascina\\\/#breadcrumb\"},\"inLanguage\":\"en-US\",\"potentialAction\":[{\"@type\":\"ReadAction\",\"target\":[\"https:\\\/\\\/www.gmj.si\\\/en\\\/12-marec-ob-17-uri-mavricnost-kulture-in-kulinarike-jesenic-muzej-kosova-grascina\\\/\"]}]},{\"@type\":\"ImageObject\",\"inLanguage\":\"en-US\",\"@id\":\"https:\\\/\\\/www.gmj.si\\\/en\\\/12-marec-ob-17-uri-mavricnost-kulture-in-kulinarike-jesenic-muzej-kosova-grascina\\\/#primaryimage\",\"url\":\"https:\\\/\\\/www.gmj.si\\\/wp-content\\\/uploads\\\/2020\\\/03\\\/Mavricnost_vabilo_Ss.jpg\",\"contentUrl\":\"https:\\\/\\\/www.gmj.si\\\/wp-content\\\/uploads\\\/2020\\\/03\\\/Mavricnost_vabilo_Ss.jpg\",\"width\":1638,\"height\":1092},{\"@type\":\"BreadcrumbList\",\"@id\":\"https:\\\/\\\/www.gmj.si\\\/en\\\/12-marec-ob-17-uri-mavricnost-kulture-in-kulinarike-jesenic-muzej-kosova-grascina\\\/#breadcrumb\",\"itemListElement\":[{\"@type\":\"ListItem\",\"position\":1,\"name\":\"Home\",\"item\":\"https:\\\/\\\/www.gmj.si\\\/en\\\/\"},{\"@type\":\"ListItem\",\"position\":2,\"name\":\"12. marec ob 17. uri: Mavri\u010dnost kulture in kulinarike Jesenic; Muzej Kosova gra\u0161\u010dina\"}]},{\"@type\":\"WebSite\",\"@id\":\"https:\\\/\\\/www.gmj.si\\\/#website\",\"url\":\"https:\\\/\\\/www.gmj.si\\\/\",\"name\":\"Gornjesavski muzej Jesenice\",\"description\":\"Skrbimo za kulturno in naravno dedi\u0161\u010dino gornjesavske regije\",\"publisher\":{\"@id\":\"https:\\\/\\\/www.gmj.si\\\/#organization\"},\"potentialAction\":[{\"@type\":\"SearchAction\",\"target\":{\"@type\":\"EntryPoint\",\"urlTemplate\":\"https:\\\/\\\/www.gmj.si\\\/?s={search_term_string}\"},\"query-input\":{\"@type\":\"PropertyValueSpecification\",\"valueRequired\":true,\"valueName\":\"search_term_string\"}}],\"inLanguage\":\"en-US\"},{\"@type\":\"Organization\",\"@id\":\"https:\\\/\\\/www.gmj.si\\\/#organization\",\"name\":\"Gornjesavski muzej Jesenice\",\"url\":\"https:\\\/\\\/www.gmj.si\\\/\",\"logo\":{\"@type\":\"ImageObject\",\"inLanguage\":\"en-US\",\"@id\":\"https:\\\/\\\/www.gmj.si\\\/#\\\/schema\\\/logo\\\/image\\\/\",\"url\":\"https:\\\/\\\/www.gmj.si\\\/wp-content\\\/uploads\\\/2021\\\/12\\\/cropped-logo400.png\",\"contentUrl\":\"https:\\\/\\\/www.gmj.si\\\/wp-content\\\/uploads\\\/2021\\\/12\\\/cropped-logo400.png\",\"width\":512,\"height\":512,\"caption\":\"Gornjesavski muzej Jesenice\"},\"image\":{\"@id\":\"https:\\\/\\\/www.gmj.si\\\/#\\\/schema\\\/logo\\\/image\\\/\"},\"sameAs\":[\"https:\\\/\\\/www.facebook.com\\\/GMJesenice\\\/\"]},{\"@type\":\"Person\",\"@id\":\"https:\\\/\\\/www.gmj.si\\\/#\\\/schema\\\/person\\\/97941f4b36a3e2242fea3d95747cff87\",\"name\":\"urednik\",\"image\":{\"@type\":\"ImageObject\",\"inLanguage\":\"en-US\",\"@id\":\"https:\\\/\\\/secure.gravatar.com\\\/avatar\\\/30e587f7ebe8281f99f6c108e3e171deddc854d8029bccdc34bed46d445c753e?s=96&d=mm&r=g\",\"url\":\"https:\\\/\\\/secure.gravatar.com\\\/avatar\\\/30e587f7ebe8281f99f6c108e3e171deddc854d8029bccdc34bed46d445c753e?s=96&d=mm&r=g\",\"contentUrl\":\"https:\\\/\\\/secure.gravatar.com\\\/avatar\\\/30e587f7ebe8281f99f6c108e3e171deddc854d8029bccdc34bed46d445c753e?s=96&d=mm&r=g\",\"caption\":\"urednik\"},\"url\":\"https:\\\/\\\/www.gmj.si\\\/en\\\/author\\\/urednik\\\/\"}]}<\/script>\n<!-- \/ Yoast SEO plugin. -->","yoast_head_json":{"title":"12. marec ob 17. uri: Mavri\u010dnost kulture in kulinarike Jesenic; Muzej Kosova gra\u0161\u010dina - Gornjesavski muzej Jesenice","robots":{"index":"index","follow":"follow","max-snippet":"max-snippet:-1","max-image-preview":"max-image-preview:large","max-video-preview":"max-video-preview:-1"},"canonical":"https:\/\/www.gmj.si\/en\/12-marec-ob-17-uri-mavricnost-kulture-in-kulinarike-jesenic-muzej-kosova-grascina\/","og_locale":"en_US","og_type":"article","og_title":"12. marec ob 17. uri: Mavri\u010dnost kulture in kulinarike Jesenic; Muzej Kosova gra\u0161\u010dina - Gornjesavski muzej Jesenice","og_url":"https:\/\/www.gmj.si\/en\/12-marec-ob-17-uri-mavricnost-kulture-in-kulinarike-jesenic-muzej-kosova-grascina\/","og_site_name":"Gornjesavski muzej Jesenice","article_publisher":"https:\/\/www.facebook.com\/GMJesenice\/","article_published_time":"2020-03-05T11:56:47+00:00","article_modified_time":"2020-03-05T13:37:06+00:00","og_image":[{"width":1638,"height":1092,"url":"https:\/\/www.gmj.si\/wp-content\/uploads\/2020\/03\/Mavricnost_vabilo_Ss.jpg","type":"image\/jpeg"}],"author":"urednik","twitter_card":"summary_large_image","twitter_misc":{"Written by":"urednik"},"schema":{"@context":"https:\/\/schema.org","@graph":[{"@type":"Article","@id":"https:\/\/www.gmj.si\/en\/12-marec-ob-17-uri-mavricnost-kulture-in-kulinarike-jesenic-muzej-kosova-grascina\/#article","isPartOf":{"@id":"https:\/\/www.gmj.si\/en\/12-marec-ob-17-uri-mavricnost-kulture-in-kulinarike-jesenic-muzej-kosova-grascina\/"},"author":{"name":"urednik","@id":"https:\/\/www.gmj.si\/#\/schema\/person\/97941f4b36a3e2242fea3d95747cff87"},"headline":"12. marec ob 17. uri: Mavri\u010dnost kulture in kulinarike Jesenic; Muzej Kosova gra\u0161\u010dina","datePublished":"2020-03-05T11:56:47+00:00","dateModified":"2020-03-05T13:37:06+00:00","mainEntityOfPage":{"@id":"https:\/\/www.gmj.si\/en\/12-marec-ob-17-uri-mavricnost-kulture-in-kulinarike-jesenic-muzej-kosova-grascina\/"},"wordCount":13,"publisher":{"@id":"https:\/\/www.gmj.si\/#organization"},"image":{"@id":"https:\/\/www.gmj.si\/en\/12-marec-ob-17-uri-mavricnost-kulture-in-kulinarike-jesenic-muzej-kosova-grascina\/#primaryimage"},"thumbnailUrl":"https:\/\/www.gmj.si\/wp-content\/uploads\/2020\/03\/Mavricnost_vabilo_Ss.jpg","articleSection":["Gornjesavski muzej Jesenice","Nekategorizirano"],"inLanguage":"en-US"},{"@type":"WebPage","@id":"https:\/\/www.gmj.si\/en\/12-marec-ob-17-uri-mavricnost-kulture-in-kulinarike-jesenic-muzej-kosova-grascina\/","url":"https:\/\/www.gmj.si\/en\/12-marec-ob-17-uri-mavricnost-kulture-in-kulinarike-jesenic-muzej-kosova-grascina\/","name":"12. marec ob 17. uri: Mavri\u010dnost kulture in kulinarike Jesenic; Muzej Kosova gra\u0161\u010dina - Gornjesavski muzej Jesenice","isPartOf":{"@id":"https:\/\/www.gmj.si\/#website"},"primaryImageOfPage":{"@id":"https:\/\/www.gmj.si\/en\/12-marec-ob-17-uri-mavricnost-kulture-in-kulinarike-jesenic-muzej-kosova-grascina\/#primaryimage"},"image":{"@id":"https:\/\/www.gmj.si\/en\/12-marec-ob-17-uri-mavricnost-kulture-in-kulinarike-jesenic-muzej-kosova-grascina\/#primaryimage"},"thumbnailUrl":"https:\/\/www.gmj.si\/wp-content\/uploads\/2020\/03\/Mavricnost_vabilo_Ss.jpg","datePublished":"2020-03-05T11:56:47+00:00","dateModified":"2020-03-05T13:37:06+00:00","breadcrumb":{"@id":"https:\/\/www.gmj.si\/en\/12-marec-ob-17-uri-mavricnost-kulture-in-kulinarike-jesenic-muzej-kosova-grascina\/#breadcrumb"},"inLanguage":"en-US","potentialAction":[{"@type":"ReadAction","target":["https:\/\/www.gmj.si\/en\/12-marec-ob-17-uri-mavricnost-kulture-in-kulinarike-jesenic-muzej-kosova-grascina\/"]}]},{"@type":"ImageObject","inLanguage":"en-US","@id":"https:\/\/www.gmj.si\/en\/12-marec-ob-17-uri-mavricnost-kulture-in-kulinarike-jesenic-muzej-kosova-grascina\/#primaryimage","url":"https:\/\/www.gmj.si\/wp-content\/uploads\/2020\/03\/Mavricnost_vabilo_Ss.jpg","contentUrl":"https:\/\/www.gmj.si\/wp-content\/uploads\/2020\/03\/Mavricnost_vabilo_Ss.jpg","width":1638,"height":1092},{"@type":"BreadcrumbList","@id":"https:\/\/www.gmj.si\/en\/12-marec-ob-17-uri-mavricnost-kulture-in-kulinarike-jesenic-muzej-kosova-grascina\/#breadcrumb","itemListElement":[{"@type":"ListItem","position":1,"name":"Home","item":"https:\/\/www.gmj.si\/en\/"},{"@type":"ListItem","position":2,"name":"12. marec ob 17. uri: Mavri\u010dnost kulture in kulinarike Jesenic; Muzej Kosova gra\u0161\u010dina"}]},{"@type":"WebSite","@id":"https:\/\/www.gmj.si\/#website","url":"https:\/\/www.gmj.si\/","name":"Gornjesavski muzej Jesenice","description":"Skrbimo za kulturno in naravno dedi\u0161\u010dino gornjesavske regije","publisher":{"@id":"https:\/\/www.gmj.si\/#organization"},"potentialAction":[{"@type":"SearchAction","target":{"@type":"EntryPoint","urlTemplate":"https:\/\/www.gmj.si\/?s={search_term_string}"},"query-input":{"@type":"PropertyValueSpecification","valueRequired":true,"valueName":"search_term_string"}}],"inLanguage":"en-US"},{"@type":"Organization","@id":"https:\/\/www.gmj.si\/#organization","name":"Gornjesavski muzej Jesenice","url":"https:\/\/www.gmj.si\/","logo":{"@type":"ImageObject","inLanguage":"en-US","@id":"https:\/\/www.gmj.si\/#\/schema\/logo\/image\/","url":"https:\/\/www.gmj.si\/wp-content\/uploads\/2021\/12\/cropped-logo400.png","contentUrl":"https:\/\/www.gmj.si\/wp-content\/uploads\/2021\/12\/cropped-logo400.png","width":512,"height":512,"caption":"Gornjesavski muzej Jesenice"},"image":{"@id":"https:\/\/www.gmj.si\/#\/schema\/logo\/image\/"},"sameAs":["https:\/\/www.facebook.com\/GMJesenice\/"]},{"@type":"Person","@id":"https:\/\/www.gmj.si\/#\/schema\/person\/97941f4b36a3e2242fea3d95747cff87","name":"urednik","image":{"@type":"ImageObject","inLanguage":"en-US","@id":"https:\/\/secure.gravatar.com\/avatar\/30e587f7ebe8281f99f6c108e3e171deddc854d8029bccdc34bed46d445c753e?s=96&d=mm&r=g","url":"https:\/\/secure.gravatar.com\/avatar\/30e587f7ebe8281f99f6c108e3e171deddc854d8029bccdc34bed46d445c753e?s=96&d=mm&r=g","contentUrl":"https:\/\/secure.gravatar.com\/avatar\/30e587f7ebe8281f99f6c108e3e171deddc854d8029bccdc34bed46d445c753e?s=96&d=mm&r=g","caption":"urednik"},"url":"https:\/\/www.gmj.si\/en\/author\/urednik\/"}]}},"_links":{"self":[{"href":"https:\/\/www.gmj.si\/en\/wp-json\/wp\/v2\/posts\/10985","targetHints":{"allow":["GET"]}}],"collection":[{"href":"https:\/\/www.gmj.si\/en\/wp-json\/wp\/v2\/posts"}],"about":[{"href":"https:\/\/www.gmj.si\/en\/wp-json\/wp\/v2\/types\/post"}],"author":[{"embeddable":true,"href":"https:\/\/www.gmj.si\/en\/wp-json\/wp\/v2\/users\/2"}],"replies":[{"embeddable":true,"href":"https:\/\/www.gmj.si\/en\/wp-json\/wp\/v2\/comments?post=10985"}],"version-history":[{"count":1,"href":"https:\/\/www.gmj.si\/en\/wp-json\/wp\/v2\/posts\/10985\/revisions"}],"predecessor-version":[{"id":10988,"href":"https:\/\/www.gmj.si\/en\/wp-json\/wp\/v2\/posts\/10985\/revisions\/10988"}],"wp:featuredmedia":[{"embeddable":true,"href":"https:\/\/www.gmj.si\/en\/wp-json\/wp\/v2\/media\/10989"}],"wp:attachment":[{"href":"https:\/\/www.gmj.si\/en\/wp-json\/wp\/v2\/media?parent=10985"}],"wp:term":[{"taxonomy":"category","embeddable":true,"href":"https:\/\/www.gmj.si\/en\/wp-json\/wp\/v2\/categories?post=10985"},{"taxonomy":"post_tag","embeddable":true,"href":"https:\/\/www.gmj.si\/en\/wp-json\/wp\/v2\/tags?post=10985"}],"curies":[{"name":"wp","href":"https:\/\/api.w.org\/{rel}","templated":true}]}}